{"id":11051,"date":"2026-08-27T11:29:07","date_gmt":"2026-08-27T09:29:07","guid":{"rendered":"https:\/\/free2rent.si\/?p=11051"},"modified":"2026-08-27T11:33:17","modified_gmt":"2026-08-27T09:33:17","slug":"slovenia-in-september-road-trip","status":"publish","type":"post","link":"https:\/\/free2rent.si\/en\/slovenia-in-september-road-trip\/","title":{"rendered":"Slovenia in September: a 5-day road trip from the Alps to the coast"},"content":{"rendered":"<p><div class=\"fusion-fullwidth fullwidth-box fusion-builder-row-1 fusion-flex-container has-pattern-background has-mask-background nonhundred-percent-fullwidth non-hundred-percent-height-scrolling\" style=\"--awb-border-radius-top-left:0px;--awb-border-radius-top-right:0px;--awb-border-radius-bottom-right:0px;--awb-border-radius-bottom-left:0px;--awb-flex-wrap:wrap;\" ><div class=\"fusion-builder-row fusion-row fusion-flex-align-items-flex-start fusion-flex-content-wrap\" style=\"max-width:1248px;margin-left: calc(-4% \/ 2 );margin-right: calc(-4% \/ 2 );\"><div class=\"fusion-layout-column fusion_builder_column fusion-builder-column-0 fusion_builder_column_2_3 2_3 fusion-flex-column\" style=\"--awb-bg-size:cover;--awb-width-large:66.666666666667%;--awb-margin-top-large:0px;--awb-spacing-right-large:2.88%;--awb-margin-bottom-large:20px;--awb-spacing-left-large:2.88%;--awb-width-medium:66.666666666667%;--awb-order-medium:0;--awb-spacing-right-medium:2.88%;--awb-spacing-left-medium:2.88%;--awb-width-small:100%;--awb-order-small:0;--awb-spacing-right-small:1.92%;--awb-spacing-left-small:1.92%;\"><div class=\"fusion-column-wrapper fusion-column-has-shadow fusion-flex-justify-content-flex-start fusion-content-layout-column\"><div class=\"fusion-text fusion-text-1\"><p class=\"isSelectedEnd\">September is a very pleasant time to explore Slovenia by car. The summer crowds are slowly easing, the days are still long enough, and you can combine the Alps, the So\u010da Valley, vineyards and the coast in one trip.<\/p>\n<p class=\"isSelectedEnd\">If you have five days available, we recommend this circular route:<\/p>\n<p class=\"isSelectedEnd\"><strong>Ljubljana \u2192 Kranjska Gora \u2192 Vr\u0161i\u010d \u2192 So\u010da Valley \u2192 Gori\u0161ka Brda \u2192 Slovenian coast \u2192 Ljubljana<\/strong><\/p>\n<p>You do not need to see everything. It is better to choose a few main stops and leave enough time to enjoy the drive itself.<\/p>\n<\/div><div class=\"fusion-testimonials classic awb-speech-bubble-show fusion-testimonials-1\" style=\"--awb-textcolor:var(--awb-color8);--awb-backgroundcolor:var(--awb-color5);--awb-testimonial-border-style:solid;--awb-testimonial-border-color:var(--awb-color3);--awb-navigation-size:12px;--awb-border-top-left-radius:0px;--awb-border-top-right-radius:0px;--awb-border-bottom-left-radius:0px;--awb-border-bottom-right-radius:0px;--testimonial-border-width-top:0px;--testimonial-border-width-right:0px;--testimonial-border-width-bottom:0px;--testimonial-border-width-left:0px;\" data-random=\"0\" data-speed=\"4000\"><div class=\"reviews\"><div class=\"review active-testimonial alignment-left no-avatar\"><blockquote><div class=\"awb-quote awb-testimonial-icon\"><i class=\"awb-t-icon-right fa-exclamation fas\"><\/i><div class=\"awb-quote-content\">\n<p>Driving times are approximate and may vary depending on traffic conditions, the route you choose and the time of year.<\/p>\n<\/div><\/div><span class=\"awb-triangle\"><\/span><\/blockquote><div class=\"author\"><span class=\"company-name\"><\/span><\/div><\/div><\/div><\/div><\/div><\/div><div class=\"fusion-layout-column fusion_builder_column fusion-builder-column-1 fusion_builder_column_1_3 1_3 fusion-flex-column\" style=\"--awb-bg-size:cover;--awb-width-large:33.333333333333%;--awb-margin-top-large:0px;--awb-spacing-right-large:5.76%;--awb-margin-bottom-large:20px;--awb-spacing-left-large:5.76%;--awb-width-medium:33.333333333333%;--awb-order-medium:0;--awb-spacing-right-medium:5.76%;--awb-spacing-left-medium:5.76%;--awb-width-small:100%;--awb-order-small:0;--awb-spacing-right-small:1.92%;--awb-spacing-left-small:1.92%;\"><div class=\"fusion-column-wrapper fusion-column-has-shadow fusion-flex-justify-content-flex-start fusion-content-layout-column\"><div class=\"fusion-text fusion-text-2\" style=\"--awb-font-size:25px;--awb-text-transform:none;\"><p><strong>What you\u2019ll learn<\/strong><\/p>\n<\/div><div class=\"awb-toc-el awb-toc-el--1\" data-awb-toc-id=\"1\" data-awb-toc-options=\"{&quot;allowed_heading_tags&quot;:{&quot;h4&quot;:0},&quot;ignore_headings&quot;:&quot;&quot;,&quot;ignore_headings_words&quot;:&quot;&quot;,&quot;enable_cache&quot;:&quot;yes&quot;,&quot;highlight_current_heading&quot;:&quot;yes&quot;,&quot;hide_hidden_titles&quot;:&quot;yes&quot;,&quot;limit_container&quot;:&quot;page_content&quot;,&quot;select_custom_headings&quot;:&quot;&quot;,&quot;icon&quot;:&quot;fa-location-arrow fas&quot;,&quot;counter_type&quot;:&quot;custom_icon&quot;}\" style=\"--awb-item-text-transform:none;\"><div class=\"awb-toc-el__content\"><ul class=\"awb-toc-el__list awb-toc-el__list--0\"><li class=\"awb-toc-el__list-item\"><a class=\"awb-toc-el__item-anchor\" href=\"#toc_Day_1_Ljubljana_Kranjska_Gora\"><span class=\"awb-toc-el__item-icon fa-location-arrow fas\"><\/span>Day 1: Ljubljana \u2192 Kranjska Gora<\/a><\/li><li class=\"awb-toc-el__list-item\"><a class=\"awb-toc-el__item-anchor\" href=\"#toc_Day_2_Kranjska_Gora_Vrsic_Soca_Valley\"><span class=\"awb-toc-el__item-icon fa-location-arrow fas\"><\/span>Day 2: Kranjska Gora \u2192 Vr\u0161i\u010d \u2192 So\u010da Valley<\/a><\/li><li class=\"awb-toc-el__list-item\"><a class=\"awb-toc-el__item-anchor\" href=\"#toc_Day_3_Soca_Valley_Goriska_Brda\"><span class=\"awb-toc-el__item-icon fa-location-arrow fas\"><\/span>Day 3: So\u010da Valley \u2192 Gori\u0161ka Brda<\/a><\/li><li class=\"awb-toc-el__list-item\"><a class=\"awb-toc-el__item-anchor\" href=\"#toc_Day_4_Goriska_Brda_Slovenian_coast\"><span class=\"awb-toc-el__item-icon fa-location-arrow fas\"><\/span>Day 4: Gori\u0161ka Brda \u2192 Slovenian coast<\/a><\/li><li class=\"awb-toc-el__list-item\"><a class=\"awb-toc-el__item-anchor\" href=\"#toc_Day_5_Slovenian_coast_Ljubljana\"><span class=\"awb-toc-el__item-icon fa-location-arrow fas\"><\/span>Day 5: Slovenian coast \u2192 Ljubljana<\/a><\/li><li class=\"awb-toc-el__list-item\"><a class=\"awb-toc-el__item-anchor\" href=\"#toc_What_to_check_before_you_set_off\"><span class=\"awb-toc-el__item-icon fa-location-arrow fas\"><\/span>What to check before you set off?<\/a><\/li><li class=\"awb-toc-el__list-item\"><a class=\"awb-toc-el__item-anchor\" href=\"#toc_Why_September\"><span class=\"awb-toc-el__item-icon fa-location-arrow fas\"><\/span>Why September?<\/a><\/li><li class=\"awb-toc-el__list-item\"><a class=\"awb-toc-el__item-anchor\" href=\"#toc_Road_trip_with_Free2Rent\"><span class=\"awb-toc-el__item-icon fa-location-arrow fas\"><\/span>Road trip with Free2Rent<\/a><\/li><li class=\"awb-toc-el__list-item\"><a class=\"awb-toc-el__item-anchor\" href=\"#toc_Frequently_asked_questions\"><span class=\"awb-toc-el__item-icon fa-location-arrow fas\"><\/span>Frequently asked questions<\/a><\/li><\/ul><\/div><\/div><div class=\"fusion-separator fusion-full-width-sep\" style=\"align-self: center;margin-left: auto;margin-right: auto;margin-top:30px;width:100%;\"><div class=\"fusion-separator-border sep-double\" style=\"--awb-height:20px;--awb-amount:20px;--awb-sep-color:var(--awb-color5);border-color:var(--awb-color5);border-top-width:1px;border-bottom-width:1px;\"><\/div><\/div><\/div><\/div><\/div><\/div><div class=\"fusion-fullwidth fullwidth-box fusion-builder-row-2 fusion-flex-container has-pattern-background has-mask-background nonhundred-percent-fullwidth non-hundred-percent-height-scrolling\" style=\"--awb-border-radius-top-left:0px;--awb-border-radius-top-right:0px;--awb-border-radius-bottom-right:0px;--awb-border-radius-bottom-left:0px;--awb-flex-wrap:wrap;\" ><div class=\"fusion-builder-row fusion-row fusion-flex-align-items-flex-start fusion-flex-content-wrap\" style=\"max-width:1248px;margin-left: calc(-4% \/ 2 );margin-right: calc(-4% \/ 2 );\"><div class=\"fusion-layout-column fusion_builder_column fusion-builder-column-2 fusion_builder_column_1_1 1_1 fusion-flex-column\" style=\"--awb-bg-size:cover;--awb-width-large:100%;--awb-margin-top-large:0px;--awb-spacing-right-large:1.92%;--awb-margin-bottom-large:20px;--awb-spacing-left-large:1.92%;--awb-width-medium:100%;--awb-order-medium:0;--awb-spacing-right-medium:1.92%;--awb-spacing-left-medium:1.92%;--awb-width-small:100%;--awb-order-small:0;--awb-spacing-right-small:1.92%;--awb-spacing-left-small:1.92%;\"><div class=\"fusion-column-wrapper fusion-column-has-shadow fusion-flex-justify-content-flex-start fusion-content-layout-column\"><div class=\"fusion-title title fusion-title-1 fusion-sep-none fusion-title-text fusion-title-size-four\" style=\"--awb-font-size:30px;\"><h4 class=\"fusion-title-heading title-heading-left\" style=\"margin:0;text-transform:none;font-size:1em;\">Day 1: Ljubljana \u2192 Kranjska Gora<\/h4><\/div><div class=\"fusion-text fusion-text-3\"><p class=\"isSelectedEnd\">For the first day, we recommend a shorter drive towards Kranjska Gora. After arriving, you can stop at <strong>Lake Jasna<\/strong> and then continue to <strong>Zelenci Nature Reserve<\/strong>. If you have enough time, you can also add Planica. If you picked up your car on the same day, try not to pack too much into your schedule on the first day.<\/p>\n<p><strong>Overnight stay:<\/strong> Kranjska Gora or the surrounding area.<\/p>\n<\/div><div class=\"fusion-testimonials classic awb-speech-bubble-show fusion-testimonials-2\" style=\"--awb-textcolor:var(--awb-color8);--awb-backgroundcolor:rgba(116,215,76,0.33);--awb-testimonial-border-style:solid;--awb-testimonial-border-color:var(--awb-color3);--awb-navigation-size:12px;--awb-border-top-left-radius:0px;--awb-border-top-right-radius:0px;--awb-border-bottom-left-radius:0px;--awb-border-bottom-right-radius:0px;--testimonial-border-width-top:0px;--testimonial-border-width-right:0px;--testimonial-border-width-bottom:0px;--testimonial-border-width-left:0px;\" data-random=\"0\" data-speed=\"4000\"><div class=\"reviews\"><div class=\"review active-testimonial alignment-left no-avatar\"><blockquote><div class=\"awb-quote\"><div class=\"awb-quote-content\">\n<p class=\"isSelectedEnd\">For the first day, Lake Jasna, Kranjska Gora and Zelenci are more than enough.<\/p>\n<\/div><\/div><span class=\"awb-triangle\"><\/span><\/blockquote><div class=\"author\"><span class=\"company-name\"><strong>Free2Rent tip<\/strong><\/span><\/div><\/div><\/div><\/div><\/div><\/div><div class=\"fusion-layout-column fusion_builder_column fusion-builder-column-3 fusion_builder_column_1_1 1_1 fusion-flex-column\" style=\"--awb-bg-size:cover;--awb-width-large:100%;--awb-margin-top-large:0px;--awb-spacing-right-large:19.2%;--awb-margin-bottom-large:20px;--awb-spacing-left-large:19.2%;--awb-width-medium:100%;--awb-order-medium:0;--awb-spacing-right-medium:19.2%;--awb-spacing-left-medium:19.2%;--awb-width-small:100%;--awb-order-small:0;--awb-spacing-right-small:1.92%;--awb-spacing-left-small:1.92%;\"><div class=\"fusion-column-wrapper fusion-column-has-shadow fusion-flex-justify-content-flex-start fusion-content-layout-column\"><div class=\"fusion-image-element \" style=\"--awb-caption-title-font-family:var(--h2_typography-font-family);--awb-caption-title-font-weight:var(--h2_typography-font-weight);--awb-caption-title-font-style:var(--h2_typography-font-style);--awb-caption-title-size:var(--h2_typography-font-size);--awb-caption-title-transform:var(--h2_typography-text-transform);--awb-caption-title-line-height:var(--h2_typography-line-height);--awb-caption-title-letter-spacing:var(--h2_typography-letter-spacing);\"><span class=\" fusion-imageframe imageframe-none imageframe-1 hover-type-none\"><img decoding=\"async\" width=\"1980\" height=\"1080\" alt=\"Pogled na Piran in slovensko obalo\" title=\"izlet-iz-kopra-piran\" src=\"https:\/\/free2rent.si\/wp-content\/uploads\/2026\/07\/izlet-iz-kopra-piran.jpg\" data-orig-src=\"https:\/\/free2rent.si\/wp-content\/uploads\/2026\/07\/izlet-iz-kopra-piran.jpg\" class=\"lazyload img-responsive wp-image-10683\" srcset=\"data:image\/svg+xml,%3Csvg%20xmlns%3D%27http%3A%2F%2Fwww.w3.org%2F2000%2Fsvg%27%20width%3D%271980%27%20height%3D%271080%27%20viewBox%3D%270%200%201980%201080%27%3E%3Crect%20width%3D%271980%27%20height%3D%271080%27%20fill-opacity%3D%220%22%2F%3E%3C%2Fsvg%3E\" data-srcset=\"https:\/\/free2rent.si\/wp-content\/uploads\/2026\/07\/izlet-iz-kopra-piran-200x109.jpg 200w, https:\/\/free2rent.si\/wp-content\/uploads\/2026\/07\/izlet-iz-kopra-piran-400x218.jpg 400w, https:\/\/free2rent.si\/wp-content\/uploads\/2026\/07\/izlet-iz-kopra-piran-600x327.jpg 600w, https:\/\/free2rent.si\/wp-content\/uploads\/2026\/07\/izlet-iz-kopra-piran-800x436.jpg 800w, https:\/\/free2rent.si\/wp-content\/uploads\/2026\/07\/izlet-iz-kopra-piran-1200x655.jpg 1200w, https:\/\/free2rent.si\/wp-content\/uploads\/2026\/07\/izlet-iz-kopra-piran.jpg 1980w\" data-sizes=\"auto\" data-orig-sizes=\"(max-width: 640px) 100vw, 800px\" \/><\/span><\/div><\/div><\/div><\/div><\/div><div class=\"fusion-fullwidth fullwidth-box fusion-builder-row-3 fusion-flex-container has-pattern-background has-mask-background nonhundred-percent-fullwidth non-hundred-percent-height-scrolling\" style=\"--awb-border-radius-top-left:0px;--awb-border-radius-top-right:0px;--awb-border-radius-bottom-right:0px;--awb-border-radius-bottom-left:0px;--awb-flex-wrap:wrap;\" ><div class=\"fusion-builder-row fusion-row fusion-flex-align-items-flex-start fusion-flex-content-wrap\" style=\"max-width:1248px;margin-left: calc(-4% \/ 2 );margin-right: calc(-4% \/ 2 );\"><div class=\"fusion-layout-column fusion_builder_column fusion-builder-column-4 fusion_builder_column_1_1 1_1 fusion-flex-column\" style=\"--awb-bg-size:cover;--awb-width-large:100%;--awb-margin-top-large:0px;--awb-spacing-right-large:1.92%;--awb-margin-bottom-large:20px;--awb-spacing-left-large:1.92%;--awb-width-medium:100%;--awb-order-medium:0;--awb-spacing-right-medium:1.92%;--awb-spacing-left-medium:1.92%;--awb-width-small:100%;--awb-order-small:0;--awb-spacing-right-small:1.92%;--awb-spacing-left-small:1.92%;\"><div class=\"fusion-column-wrapper fusion-column-has-shadow fusion-flex-justify-content-flex-start fusion-content-layout-column\"><div class=\"fusion-title title fusion-title-2 fusion-sep-none fusion-title-text fusion-title-size-four\" style=\"--awb-font-size:30px;\"><h4 class=\"fusion-title-heading title-heading-left\" style=\"margin:0;text-transform:none;font-size:1em;\">Day 2: Kranjska Gora \u2192 Vr\u0161i\u010d \u2192 So\u010da Valley<\/h4><\/div><div class=\"fusion-text fusion-text-4\"><p class=\"isSelectedEnd\">Day two is dedicated to one of the most scenic drives in Slovenia. Cross <strong>Vr\u0161i\u010d Pass<\/strong>, descend towards Trenta and continue along the So\u010da River towards Bovec. Along the way, it is worth stopping at the Russian Chapel, at the top of the pass or at one of the viewpoints. When driving over Vr\u0161i\u010d, do not rely only on the navigation time. The road is winding, and even a few stops can quickly make the journey longer. Before setting off, check the latest traffic and weather conditions.<\/p>\n<p><strong>Overnight stay:<\/strong> Bovec, Kobarid or the surrounding area.<\/p>\n<\/div><\/div><\/div><div class=\"fusion-layout-column fusion_builder_column fusion-builder-column-5 fusion_builder_column_1_1 1_1 fusion-flex-column\" style=\"--awb-bg-size:cover;--awb-width-large:100%;--awb-margin-top-large:0px;--awb-spacing-right-large:19.2%;--awb-margin-bottom-large:20px;--awb-spacing-left-large:19.2%;--awb-width-medium:100%;--awb-order-medium:0;--awb-spacing-right-medium:19.2%;--awb-spacing-left-medium:19.2%;--awb-width-small:100%;--awb-order-small:0;--awb-spacing-right-small:1.92%;--awb-spacing-left-small:1.92%;\"><div class=\"fusion-column-wrapper fusion-column-has-shadow fusion-flex-justify-content-flex-start fusion-content-layout-column\"><div class=\"fusion-image-element \" style=\"--awb-caption-title-font-family:var(--h2_typography-font-family);--awb-caption-title-font-weight:var(--h2_typography-font-weight);--awb-caption-title-font-style:var(--h2_typography-font-style);--awb-caption-title-size:var(--h2_typography-font-size);--awb-caption-title-transform:var(--h2_typography-text-transform);--awb-caption-title-line-height:var(--h2_typography-line-height);--awb-caption-title-letter-spacing:var(--h2_typography-letter-spacing);\"><span class=\" fusion-imageframe imageframe-none imageframe-2 hover-type-none\"><img decoding=\"async\" width=\"850\" height=\"500\" alt=\"Jezero Jasna pri Kranjski Gori na road tripu po Sloveniji\" title=\"jezero-jasna-kranjska-gora\" src=\"https:\/\/free2rent.si\/wp-content\/uploads\/2026\/08\/jezero-jasna-kranjska-gora.jpg\" data-orig-src=\"https:\/\/free2rent.si\/wp-content\/uploads\/2026\/08\/jezero-jasna-kranjska-gora.jpg\" class=\"lazyload img-responsive wp-image-11042\" srcset=\"data:image\/svg+xml,%3Csvg%20xmlns%3D%27http%3A%2F%2Fwww.w3.org%2F2000%2Fsvg%27%20width%3D%27850%27%20height%3D%27500%27%20viewBox%3D%270%200%20850%20500%27%3E%3Crect%20width%3D%27850%27%20height%3D%27500%27%20fill-opacity%3D%220%22%2F%3E%3C%2Fsvg%3E\" data-srcset=\"https:\/\/free2rent.si\/wp-content\/uploads\/2026\/08\/jezero-jasna-kranjska-gora-200x118.jpg 200w, https:\/\/free2rent.si\/wp-content\/uploads\/2026\/08\/jezero-jasna-kranjska-gora-400x235.jpg 400w, https:\/\/free2rent.si\/wp-content\/uploads\/2026\/08\/jezero-jasna-kranjska-gora-600x353.jpg 600w, https:\/\/free2rent.si\/wp-content\/uploads\/2026\/08\/jezero-jasna-kranjska-gora-800x471.jpg 800w, https:\/\/free2rent.si\/wp-content\/uploads\/2026\/08\/jezero-jasna-kranjska-gora.jpg 850w\" data-sizes=\"auto\" data-orig-sizes=\"(max-width: 640px) 100vw, 800px\" \/><\/span><\/div><\/div><\/div><\/div><\/div><div class=\"fusion-fullwidth fullwidth-box fusion-builder-row-4 fusion-flex-container has-pattern-background has-mask-background nonhundred-percent-fullwidth non-hundred-percent-height-scrolling\" style=\"--awb-border-radius-top-left:0px;--awb-border-radius-top-right:0px;--awb-border-radius-bottom-right:0px;--awb-border-radius-bottom-left:0px;--awb-flex-wrap:wrap;\" ><div class=\"fusion-builder-row fusion-row fusion-flex-align-items-flex-start fusion-flex-content-wrap\" style=\"max-width:1248px;margin-left: calc(-4% \/ 2 );margin-right: calc(-4% \/ 2 );\"><div class=\"fusion-layout-column fusion_builder_column fusion-builder-column-6 fusion_builder_column_1_1 1_1 fusion-flex-column\" style=\"--awb-bg-size:cover;--awb-width-large:100%;--awb-margin-top-large:0px;--awb-spacing-right-large:1.92%;--awb-margin-bottom-large:20px;--awb-spacing-left-large:1.92%;--awb-width-medium:100%;--awb-order-medium:0;--awb-spacing-right-medium:1.92%;--awb-spacing-left-medium:1.92%;--awb-width-small:100%;--awb-order-small:0;--awb-spacing-right-small:1.92%;--awb-spacing-left-small:1.92%;\"><div class=\"fusion-column-wrapper fusion-column-has-shadow fusion-flex-justify-content-flex-start fusion-content-layout-column\"><div class=\"fusion-title title fusion-title-3 fusion-sep-none fusion-title-text fusion-title-size-four\" style=\"--awb-font-size:30px;\"><h4 class=\"fusion-title-heading title-heading-left\" style=\"margin:0;text-transform:none;font-size:1em;\">Day 3: So\u010da Valley \u2192 Gori\u0161ka Brda<\/h4><\/div><div class=\"fusion-text fusion-text-5\"><p class=\"isSelectedEnd\">Spend the morning exploring the So\u010da Valley. You can choose Bovec, Kobarid or Tolmin, then continue towards Gori\u0161ka Brda in the afternoon. In Brda, we especially recommend <strong>\u0160martno<\/strong> and the viewing tower in <strong>Gonja\u010de<\/strong>. September is a particularly interesting time to visit this area because of the grape harvest and the changing landscape. If you visit a winery, make sure one of the passengers remains the designated driver.<\/p>\n<p><strong>Overnight stay:<\/strong> Gori\u0161ka Brda or the area around Nova Gorica.<\/p>\n<\/div><div class=\"fusion-testimonials classic awb-speech-bubble-show fusion-testimonials-3\" style=\"--awb-textcolor:var(--awb-color8);--awb-backgroundcolor:rgba(116,215,76,0.33);--awb-testimonial-border-style:solid;--awb-testimonial-border-color:var(--awb-color3);--awb-navigation-size:12px;--awb-border-top-left-radius:0px;--awb-border-top-right-radius:0px;--awb-border-bottom-left-radius:0px;--awb-border-bottom-right-radius:0px;--testimonial-border-width-top:0px;--testimonial-border-width-right:0px;--testimonial-border-width-bottom:0px;--testimonial-border-width-left:0px;\" data-random=\"0\" data-speed=\"4000\"><div class=\"reviews\"><div class=\"review active-testimonial alignment-left no-avatar\"><blockquote><div class=\"awb-quote\"><div class=\"awb-quote-content\">\n<p class=\"isSelectedEnd\">In Gori\u0161ka Brda, less is often more. One village, one viewpoint and a good lunch can be more than enough.<\/p>\n<\/div><\/div><span class=\"awb-triangle\"><\/span><\/blockquote><div class=\"author\"><span class=\"company-name\"><strong>Free2Rent tip<\/strong><\/span><\/div><\/div><\/div><\/div><\/div><\/div><div class=\"fusion-layout-column fusion_builder_column fusion-builder-column-7 fusion_builder_column_1_1 1_1 fusion-flex-column\" style=\"--awb-bg-size:cover;--awb-width-large:100%;--awb-margin-top-large:0px;--awb-spacing-right-large:19.2%;--awb-margin-bottom-large:20px;--awb-spacing-left-large:19.2%;--awb-width-medium:100%;--awb-order-medium:0;--awb-spacing-right-medium:19.2%;--awb-spacing-left-medium:19.2%;--awb-width-small:100%;--awb-order-small:0;--awb-spacing-right-small:1.92%;--awb-spacing-left-small:1.92%;\"><div class=\"fusion-column-wrapper fusion-column-has-shadow fusion-flex-justify-content-flex-start fusion-content-layout-column\"><div class=\"fusion-image-element \" style=\"--awb-caption-title-font-family:var(--h2_typography-font-family);--awb-caption-title-font-weight:var(--h2_typography-font-weight);--awb-caption-title-font-style:var(--h2_typography-font-style);--awb-caption-title-size:var(--h2_typography-font-size);--awb-caption-title-transform:var(--h2_typography-text-transform);--awb-caption-title-line-height:var(--h2_typography-line-height);--awb-caption-title-letter-spacing:var(--h2_typography-letter-spacing);\"><span class=\" fusion-imageframe imageframe-none imageframe-3 hover-type-none\"><img decoding=\"async\" width=\"850\" height=\"500\" alt=\"Reka So\u010da v So\u0161ki dolini v Sloveniji\" title=\"soska-dolina-soca-slovenija\" src=\"https:\/\/free2rent.si\/wp-content\/uploads\/2026\/08\/soska-dolina-soca-slovenija.jpg\" data-orig-src=\"https:\/\/free2rent.si\/wp-content\/uploads\/2026\/08\/soska-dolina-soca-slovenija.jpg\" class=\"lazyload img-responsive wp-image-11044\" srcset=\"data:image\/svg+xml,%3Csvg%20xmlns%3D%27http%3A%2F%2Fwww.w3.org%2F2000%2Fsvg%27%20width%3D%27850%27%20height%3D%27500%27%20viewBox%3D%270%200%20850%20500%27%3E%3Crect%20width%3D%27850%27%20height%3D%27500%27%20fill-opacity%3D%220%22%2F%3E%3C%2Fsvg%3E\" data-srcset=\"https:\/\/free2rent.si\/wp-content\/uploads\/2026\/08\/soska-dolina-soca-slovenija-200x118.jpg 200w, https:\/\/free2rent.si\/wp-content\/uploads\/2026\/08\/soska-dolina-soca-slovenija-400x235.jpg 400w, https:\/\/free2rent.si\/wp-content\/uploads\/2026\/08\/soska-dolina-soca-slovenija-600x353.jpg 600w, https:\/\/free2rent.si\/wp-content\/uploads\/2026\/08\/soska-dolina-soca-slovenija-800x471.jpg 800w, https:\/\/free2rent.si\/wp-content\/uploads\/2026\/08\/soska-dolina-soca-slovenija.jpg 850w\" data-sizes=\"auto\" data-orig-sizes=\"(max-width: 640px) 100vw, 800px\" \/><\/span><\/div><\/div><\/div><\/div><\/div><div class=\"fusion-fullwidth fullwidth-box fusion-builder-row-5 fusion-flex-container has-pattern-background has-mask-background nonhundred-percent-fullwidth non-hundred-percent-height-scrolling\" style=\"--awb-border-radius-top-left:0px;--awb-border-radius-top-right:0px;--awb-border-radius-bottom-right:0px;--awb-border-radius-bottom-left:0px;--awb-flex-wrap:wrap;\" ><div class=\"fusion-builder-row fusion-row fusion-flex-align-items-flex-start fusion-flex-content-wrap\" style=\"max-width:1248px;margin-left: calc(-4% \/ 2 );margin-right: calc(-4% \/ 2 );\"><div class=\"fusion-layout-column fusion_builder_column fusion-builder-column-8 fusion_builder_column_1_1 1_1 fusion-flex-column\" style=\"--awb-bg-size:cover;--awb-width-large:100%;--awb-margin-top-large:0px;--awb-spacing-right-large:1.92%;--awb-margin-bottom-large:20px;--awb-spacing-left-large:1.92%;--awb-width-medium:100%;--awb-order-medium:0;--awb-spacing-right-medium:1.92%;--awb-spacing-left-medium:1.92%;--awb-width-small:100%;--awb-order-small:0;--awb-spacing-right-small:1.92%;--awb-spacing-left-small:1.92%;\"><div class=\"fusion-column-wrapper fusion-column-has-shadow fusion-flex-justify-content-flex-start fusion-content-layout-column\"><div class=\"fusion-title title fusion-title-4 fusion-sep-none fusion-title-text fusion-title-size-four\" style=\"--awb-font-size:30px;\"><h4 class=\"fusion-title-heading title-heading-left\" style=\"margin:0;text-transform:none;font-size:1em;\">Day 4: Gori\u0161ka Brda \u2192 Slovenian coast<\/h4><\/div><div class=\"fusion-text fusion-text-6\"><p class=\"isSelectedEnd\">On day four, continue towards the coast. If this is your first time visiting the Slovenian coast, we recommend choosing <strong>Piran<\/strong> as your main stop. Leave your car at a designated car park or parking garage and continue on foot. For a few hours, Tartini Square, a walk through the old town and the Church of St. George are more than enough.<\/p>\n<p class=\"isSelectedEnd\">If you have some time left, you can also add Izola or Koper. There is no need to visit all three places in one day.<\/p>\n<p><strong>Overnight stay:<\/strong> Piran, Portoro\u017e, Izola or Koper.<\/p>\n<\/div><\/div><\/div><div class=\"fusion-layout-column fusion_builder_column fusion-builder-column-9 fusion_builder_column_1_1 1_1 fusion-flex-column\" style=\"--awb-bg-size:cover;--awb-width-large:100%;--awb-margin-top-large:0px;--awb-spacing-right-large:19.2%;--awb-margin-bottom-large:20px;--awb-spacing-left-large:19.2%;--awb-width-medium:100%;--awb-order-medium:0;--awb-spacing-right-medium:19.2%;--awb-spacing-left-medium:19.2%;--awb-width-small:100%;--awb-order-small:0;--awb-spacing-right-small:1.92%;--awb-spacing-left-small:1.92%;\"><div class=\"fusion-column-wrapper fusion-column-has-shadow fusion-flex-justify-content-flex-start fusion-content-layout-column\"><div class=\"fusion-image-element \" style=\"--awb-caption-title-font-family:var(--h2_typography-font-family);--awb-caption-title-font-weight:var(--h2_typography-font-weight);--awb-caption-title-font-style:var(--h2_typography-font-style);--awb-caption-title-size:var(--h2_typography-font-size);--awb-caption-title-transform:var(--h2_typography-text-transform);--awb-caption-title-line-height:var(--h2_typography-line-height);--awb-caption-title-letter-spacing:var(--h2_typography-letter-spacing);\"><span class=\" fusion-imageframe imageframe-none imageframe-4 hover-type-none\"><img decoding=\"async\" width=\"850\" height=\"500\" alt=\"Razgled na vinograde in gri\u010de Gori\u0161kih Brd v Sloveniji\" title=\"goriska-brda-razgled-slovenija\" src=\"https:\/\/free2rent.si\/wp-content\/uploads\/2026\/08\/goriska-brda-razgled-slovenija.jpg\" data-orig-src=\"https:\/\/free2rent.si\/wp-content\/uploads\/2026\/08\/goriska-brda-razgled-slovenija.jpg\" class=\"lazyload img-responsive wp-image-11048\" srcset=\"data:image\/svg+xml,%3Csvg%20xmlns%3D%27http%3A%2F%2Fwww.w3.org%2F2000%2Fsvg%27%20width%3D%27850%27%20height%3D%27500%27%20viewBox%3D%270%200%20850%20500%27%3E%3Crect%20width%3D%27850%27%20height%3D%27500%27%20fill-opacity%3D%220%22%2F%3E%3C%2Fsvg%3E\" data-srcset=\"https:\/\/free2rent.si\/wp-content\/uploads\/2026\/08\/goriska-brda-razgled-slovenija-200x118.jpg 200w, https:\/\/free2rent.si\/wp-content\/uploads\/2026\/08\/goriska-brda-razgled-slovenija-400x235.jpg 400w, https:\/\/free2rent.si\/wp-content\/uploads\/2026\/08\/goriska-brda-razgled-slovenija-600x353.jpg 600w, https:\/\/free2rent.si\/wp-content\/uploads\/2026\/08\/goriska-brda-razgled-slovenija-800x471.jpg 800w, https:\/\/free2rent.si\/wp-content\/uploads\/2026\/08\/goriska-brda-razgled-slovenija.jpg 850w\" data-sizes=\"auto\" data-orig-sizes=\"(max-width: 640px) 100vw, 800px\" \/><\/span><\/div><\/div><\/div><\/div><\/div><div class=\"fusion-fullwidth fullwidth-box fusion-builder-row-6 fusion-flex-container has-pattern-background has-mask-background nonhundred-percent-fullwidth non-hundred-percent-height-scrolling\" style=\"--awb-border-radius-top-left:0px;--awb-border-radius-top-right:0px;--awb-border-radius-bottom-right:0px;--awb-border-radius-bottom-left:0px;--awb-flex-wrap:wrap;\" ><div class=\"fusion-builder-row fusion-row fusion-flex-align-items-flex-start fusion-flex-content-wrap\" style=\"max-width:1248px;margin-left: calc(-4% \/ 2 );margin-right: calc(-4% \/ 2 );\"><div class=\"fusion-layout-column fusion_builder_column fusion-builder-column-10 fusion_builder_column_1_1 1_1 fusion-flex-column\" style=\"--awb-bg-size:cover;--awb-width-large:100%;--awb-margin-top-large:0px;--awb-spacing-right-large:1.92%;--awb-margin-bottom-large:20px;--awb-spacing-left-large:1.92%;--awb-width-medium:100%;--awb-order-medium:0;--awb-spacing-right-medium:1.92%;--awb-spacing-left-medium:1.92%;--awb-width-small:100%;--awb-order-small:0;--awb-spacing-right-small:1.92%;--awb-spacing-left-small:1.92%;\"><div class=\"fusion-column-wrapper fusion-column-has-shadow fusion-flex-justify-content-flex-start fusion-content-layout-column\"><div class=\"fusion-title title fusion-title-5 fusion-sep-none fusion-title-text fusion-title-size-four\" style=\"--awb-font-size:30px;\"><h4 class=\"fusion-title-heading title-heading-left\" style=\"margin:0;text-transform:none;font-size:1em;\">Day 5: Slovenian coast \u2192 Ljubljana<\/h4><\/div><div class=\"fusion-text fusion-text-7\"><p class=\"isSelectedEnd\">Keep the last day a little more relaxed. After a morning walk or breakfast by the sea, head back towards Ljubljana. If you have enough time, you can break up the journey with a short stop along the way. If you need to return the car by a specific time, make sure to leave enough time to avoid rushing.<\/p>\n<\/div><div class=\"fusion-testimonials classic awb-speech-bubble-show fusion-testimonials-4\" style=\"--awb-textcolor:var(--awb-color8);--awb-backgroundcolor:rgba(116,215,76,0.33);--awb-testimonial-border-style:solid;--awb-testimonial-border-color:var(--awb-color3);--awb-navigation-size:12px;--awb-border-top-left-radius:0px;--awb-border-top-right-radius:0px;--awb-border-bottom-left-radius:0px;--awb-border-bottom-right-radius:0px;--testimonial-border-width-top:0px;--testimonial-border-width-right:0px;--testimonial-border-width-bottom:0px;--testimonial-border-width-left:0px;\" data-random=\"0\" data-speed=\"4000\"><div class=\"reviews\"><div class=\"review active-testimonial alignment-left no-avatar\"><blockquote><div class=\"awb-quote\"><div class=\"awb-quote-content\">\n<p class=\"isSelectedEnd\">Do not plan the last day too tightly. A road trip is much more enjoyable when it does not end in a rush.<\/p>\n<\/div><\/div><span class=\"awb-triangle\"><\/span><\/blockquote><div class=\"author\"><span class=\"company-name\"><strong>Free2Rent tip<\/strong><\/span><\/div><\/div><\/div><\/div><\/div><\/div><div class=\"fusion-layout-column fusion_builder_column fusion-builder-column-11 fusion_builder_column_1_1 1_1 fusion-flex-column\" style=\"--awb-bg-size:cover;--awb-width-large:100%;--awb-margin-top-large:0px;--awb-spacing-right-large:19.2%;--awb-margin-bottom-large:20px;--awb-spacing-left-large:19.2%;--awb-width-medium:100%;--awb-order-medium:0;--awb-spacing-right-medium:19.2%;--awb-spacing-left-medium:19.2%;--awb-width-small:100%;--awb-order-small:0;--awb-spacing-right-small:1.92%;--awb-spacing-left-small:1.92%;\"><div class=\"fusion-column-wrapper fusion-column-has-shadow fusion-flex-justify-content-flex-start fusion-content-layout-column\"><div class=\"fusion-image-element \" style=\"--awb-caption-title-font-family:var(--h2_typography-font-family);--awb-caption-title-font-weight:var(--h2_typography-font-weight);--awb-caption-title-font-style:var(--h2_typography-font-style);--awb-caption-title-size:var(--h2_typography-font-size);--awb-caption-title-transform:var(--h2_typography-text-transform);--awb-caption-title-line-height:var(--h2_typography-line-height);--awb-caption-title-letter-spacing:var(--h2_typography-letter-spacing);\"><span class=\" fusion-imageframe imageframe-none imageframe-5 hover-type-none\"><img decoding=\"async\" width=\"850\" height=\"500\" alt=\"Tartinijev trg v Piranu na slovenski obali\" title=\"piran-tartinijev-trg-slovenija\" src=\"https:\/\/free2rent.si\/wp-content\/uploads\/2026\/08\/piran-tartinijev-trg-slovenija.jpg\" data-orig-src=\"https:\/\/free2rent.si\/wp-content\/uploads\/2026\/08\/piran-tartinijev-trg-slovenija.jpg\" class=\"lazyload img-responsive wp-image-11046\" srcset=\"data:image\/svg+xml,%3Csvg%20xmlns%3D%27http%3A%2F%2Fwww.w3.org%2F2000%2Fsvg%27%20width%3D%27850%27%20height%3D%27500%27%20viewBox%3D%270%200%20850%20500%27%3E%3Crect%20width%3D%27850%27%20height%3D%27500%27%20fill-opacity%3D%220%22%2F%3E%3C%2Fsvg%3E\" data-srcset=\"https:\/\/free2rent.si\/wp-content\/uploads\/2026\/08\/piran-tartinijev-trg-slovenija-200x118.jpg 200w, https:\/\/free2rent.si\/wp-content\/uploads\/2026\/08\/piran-tartinijev-trg-slovenija-400x235.jpg 400w, https:\/\/free2rent.si\/wp-content\/uploads\/2026\/08\/piran-tartinijev-trg-slovenija-600x353.jpg 600w, https:\/\/free2rent.si\/wp-content\/uploads\/2026\/08\/piran-tartinijev-trg-slovenija-800x471.jpg 800w, https:\/\/free2rent.si\/wp-content\/uploads\/2026\/08\/piran-tartinijev-trg-slovenija.jpg 850w\" data-sizes=\"auto\" data-orig-sizes=\"(max-width: 640px) 100vw, 800px\" \/><\/span><\/div><\/div><\/div><\/div><\/div><div class=\"fusion-fullwidth fullwidth-box fusion-builder-row-7 fusion-flex-container has-pattern-background has-mask-background nonhundred-percent-fullwidth non-hundred-percent-height-scrolling\" style=\"--awb-border-radius-top-left:0px;--awb-border-radius-top-right:0px;--awb-border-radius-bottom-right:0px;--awb-border-radius-bottom-left:0px;--awb-flex-wrap:wrap;\" ><div class=\"fusion-builder-row fusion-row fusion-flex-align-items-flex-start fusion-flex-content-wrap\" style=\"max-width:1248px;margin-left: calc(-4% \/ 2 );margin-right: calc(-4% \/ 2 );\"><div class=\"fusion-layout-column fusion_builder_column fusion-builder-column-12 fusion_builder_column_1_1 1_1 fusion-flex-column\" style=\"--awb-bg-size:cover;--awb-width-large:100%;--awb-margin-top-large:0px;--awb-spacing-right-large:1.92%;--awb-margin-bottom-large:20px;--awb-spacing-left-large:1.92%;--awb-width-medium:100%;--awb-order-medium:0;--awb-spacing-right-medium:1.92%;--awb-spacing-left-medium:1.92%;--awb-width-small:100%;--awb-order-small:0;--awb-spacing-right-small:1.92%;--awb-spacing-left-small:1.92%;\"><div class=\"fusion-column-wrapper fusion-column-has-shadow fusion-flex-justify-content-flex-start fusion-content-layout-column\"><div class=\"fusion-title title fusion-title-6 fusion-sep-none fusion-title-text fusion-title-size-four\" style=\"--awb-font-size:30px;\"><h4 class=\"fusion-title-heading title-heading-left\" style=\"margin:0;text-transform:none;font-size:1em;\">What to check before you set off?<\/h4><\/div><div class=\"fusion-text fusion-text-8\"><p class=\"isSelectedEnd\">Before each longer part of the journey, it is enough to check a few basic things:<\/p>\n<p class=\"isSelectedEnd\"><strong>Weather: <\/strong>Conditions in the Alps can be very different from those on the coast.<\/p>\n<p class=\"isSelectedEnd\"><strong>Vr\u0161i\u010d: <\/strong>Check the current road conditions before driving over the pass.<\/p>\n<p class=\"isSelectedEnd\"><strong>Vignette: <\/strong>A vignette is required for most Slovenian motorways and expressways. A Slovenian vignette is already included with Free2Rent vehicles.<\/p>\n<p><strong>Luggage: <\/strong>If you change accommodation every day, having a sufficiently large boot is more important than it may seem at first.<\/p>\n<\/div><\/div><\/div><\/div><\/div><div class=\"fusion-fullwidth fullwidth-box fusion-builder-row-8 fusion-flex-container has-pattern-background has-mask-background nonhundred-percent-fullwidth non-hundred-percent-height-scrolling\" style=\"--awb-border-radius-top-left:0px;--awb-border-radius-top-right:0px;--awb-border-radius-bottom-right:0px;--awb-border-radius-bottom-left:0px;--awb-flex-wrap:wrap;\" ><div class=\"fusion-builder-row fusion-row fusion-flex-align-items-flex-start fusion-flex-content-wrap\" style=\"max-width:1248px;margin-left: calc(-4% \/ 2 );margin-right: calc(-4% \/ 2 );\"><div class=\"fusion-layout-column fusion_builder_column fusion-builder-column-13 fusion_builder_column_1_1 1_1 fusion-flex-column\" style=\"--awb-bg-size:cover;--awb-width-large:100%;--awb-margin-top-large:0px;--awb-spacing-right-large:1.92%;--awb-margin-bottom-large:20px;--awb-spacing-left-large:1.92%;--awb-width-medium:100%;--awb-order-medium:0;--awb-spacing-right-medium:1.92%;--awb-spacing-left-medium:1.92%;--awb-width-small:100%;--awb-order-small:0;--awb-spacing-right-small:1.92%;--awb-spacing-left-small:1.92%;\"><div class=\"fusion-column-wrapper fusion-column-has-shadow fusion-flex-justify-content-flex-start fusion-content-layout-column\"><div class=\"fusion-title title fusion-title-7 fusion-sep-none fusion-title-text fusion-title-size-four\" style=\"--awb-font-size:30px;\"><h4 class=\"fusion-title-heading title-heading-left\" style=\"margin:0;text-transform:none;font-size:1em;\">Why September?<\/h4><\/div><div class=\"fusion-text fusion-text-9\"><p class=\"isSelectedEnd\">September is a great time to experience different parts of Slovenia. Mornings in the Alps can already be cooler, the landscape in Gori\u0161ka Brda begins to change, while days on the coast are often still very pleasant. We therefore recommend dressing in layers and keeping an eye on the weather.<\/p>\n<p>One of the main advantages of travelling by car is that you can adjust your plans according to the conditions.<\/p>\n<\/div><\/div><\/div><\/div><\/div><div class=\"fusion-fullwidth fullwidth-box fusion-builder-row-9 fusion-flex-container has-pattern-background has-mask-background nonhundred-percent-fullwidth non-hundred-percent-height-scrolling\" style=\"--awb-border-radius-top-left:0px;--awb-border-radius-top-right:0px;--awb-border-radius-bottom-right:0px;--awb-border-radius-bottom-left:0px;--awb-flex-wrap:wrap;\" ><div class=\"fusion-builder-row fusion-row fusion-flex-align-items-flex-start fusion-flex-content-wrap\" style=\"max-width:1248px;margin-left: calc(-4% \/ 2 );margin-right: calc(-4% \/ 2 );\"><div class=\"fusion-layout-column fusion_builder_column fusion-builder-column-14 fusion_builder_column_1_1 1_1 fusion-flex-column\" style=\"--awb-bg-size:cover;--awb-width-large:100%;--awb-margin-top-large:0px;--awb-spacing-right-large:1.92%;--awb-margin-bottom-large:20px;--awb-spacing-left-large:1.92%;--awb-width-medium:100%;--awb-order-medium:0;--awb-spacing-right-medium:1.92%;--awb-spacing-left-medium:1.92%;--awb-width-small:100%;--awb-order-small:0;--awb-spacing-right-small:1.92%;--awb-spacing-left-small:1.92%;\"><div class=\"fusion-column-wrapper fusion-column-has-shadow fusion-flex-justify-content-flex-start fusion-content-layout-column\"><div class=\"fusion-title title fusion-title-8 fusion-sep-none fusion-title-text fusion-title-size-four\" style=\"--awb-font-size:30px;\"><h4 class=\"fusion-title-heading title-heading-left\" style=\"margin:0;text-transform:none;font-size:1em;\">Road trip with Free2Rent<\/h4><\/div><div class=\"fusion-text fusion-text-10\"><p class=\"isSelectedEnd\">You do not need a special off-road vehicle for this kind of trip.<\/p>\n<p class=\"isSelectedEnd\">For two people, a compact car is usually enough, while larger groups should choose a vehicle with enough space for luggage.<\/p>\n<p>With Free2Rent, you can pick up your vehicle at several locations in Slovenia and travel at your own pace.<\/p>\n<\/div><div ><a class=\"fusion-button button-flat fusion-button-default-size button-default fusion-button-default button-1 fusion-button-span-yes fusion-button-default-type\" style=\"--button_margin-top:10px;--button_margin-bottom:10px;\" target=\"_self\" href=\"https:\/\/free2rent.si\/en\/\"><span class=\"fusion-button-text awb-button__text awb-button__text--default\">Check out Free2Rent\u2019s vehicle selection and start planning your road trip through Slovenia.<\/span><\/a><\/div><\/div><\/div><div class=\"fusion-layout-column fusion_builder_column fusion-builder-column-15 fusion_builder_column_1_1 1_1 fusion-flex-column\" style=\"--awb-bg-size:cover;--awb-width-large:100%;--awb-margin-top-large:0px;--awb-spacing-right-large:1.92%;--awb-margin-bottom-large:20px;--awb-spacing-left-large:1.92%;--awb-width-medium:100%;--awb-order-medium:0;--awb-spacing-right-medium:1.92%;--awb-spacing-left-medium:1.92%;--awb-width-small:100%;--awb-order-small:0;--awb-spacing-right-small:1.92%;--awb-spacing-left-small:1.92%;\"><div class=\"fusion-column-wrapper fusion-column-has-shadow fusion-flex-justify-content-flex-start fusion-content-layout-column\"><div class=\"fusion-title title fusion-title-9 fusion-sep-none fusion-title-text fusion-title-size-four\" style=\"--awb-font-size:30px;\"><h4 class=\"fusion-title-heading title-heading-left\" style=\"margin:0;text-transform:none;font-size:1em;\">Frequently asked questions<\/h4><\/div><div class=\"fusion-text fusion-text-11 fusion-text-no-margin\" style=\"--awb-margin-bottom:-5px;\"><p><strong>Is September a good time for a road trip through Slovenia?<\/strong><\/p>\n<\/div><ul style=\"--awb-line-height:27.2px;--awb-icon-width:27.2px;--awb-icon-height:27.2px;--awb-icon-margin:11.2px;--awb-content-margin:38.4px;--awb-circlecolor:var(--awb-color5);--awb-circle-yes-font-size:14.08px;\" class=\"fusion-checklist fusion-checklist-1 fusion-checklist-default type-icons\"><li class=\"fusion-li-item\" style=\"--awb-circlecolor:var(--awb-color5);--awb-iconcolor:var(--awb-color1);\"><span class=\"icon-wrapper circle-yes\"><i class=\"fusion-li-icon fa-question fas\" aria-hidden=\"true\"><\/i><\/span><div class=\"fusion-li-item-content\">Yes. September is a great time to combine the Alpine regions, Gori\u0161ka Brda and the Slovenian coast, while keeping an eye on the weather along the way.<\/div><\/li><\/ul><div class=\"fusion-text fusion-text-12 fusion-text-no-margin\" style=\"--awb-margin-top:5px;--awb-margin-bottom:-5px;\"><p><strong>Are five days enough for this trip?<\/strong><\/p>\n<\/div><ul style=\"--awb-line-height:27.2px;--awb-icon-width:27.2px;--awb-icon-height:27.2px;--awb-icon-margin:11.2px;--awb-content-margin:38.4px;--awb-circlecolor:var(--awb-color5);--awb-circle-yes-font-size:14.08px;\" class=\"fusion-checklist fusion-checklist-2 fusion-checklist-default type-icons\"><li class=\"fusion-li-item\" style=\"--awb-circlecolor:var(--awb-color5);--awb-iconcolor:var(--awb-color1);\"><span class=\"icon-wrapper circle-yes\"><i class=\"fusion-li-icon fa-question fas\" aria-hidden=\"true\"><\/i><\/span><div class=\"fusion-li-item-content\">Yes, if you choose a few main stops each day and do not try to see everything.<\/div><\/li><\/ul><div class=\"fusion-text fusion-text-13 fusion-text-no-margin\" style=\"--awb-margin-top:5px;--awb-margin-bottom:-5px;\"><p><strong>Can I drive over Vr\u0161i\u010d Pass in September?<\/strong><\/p>\n<\/div><ul style=\"--awb-line-height:27.2px;--awb-icon-width:27.2px;--awb-icon-height:27.2px;--awb-icon-margin:11.2px;--awb-content-margin:38.4px;--awb-circlecolor:var(--awb-color5);--awb-circle-yes-font-size:14.08px;\" class=\"fusion-checklist fusion-checklist-3 fusion-checklist-default type-icons\"><li class=\"fusion-li-item\" style=\"--awb-circlecolor:var(--awb-color5);--awb-iconcolor:var(--awb-color1);\"><span class=\"icon-wrapper circle-yes\"><i class=\"fusion-li-icon fa-question fas\" aria-hidden=\"true\"><\/i><\/span><div class=\"fusion-li-item-content\">\n<p>It depends on the current road and weather conditions. Always check official traffic information before setting off.<\/p>\n<\/div><\/li><\/ul><div class=\"fusion-text fusion-text-14 fusion-text-no-margin\" style=\"--awb-margin-top:5px;--awb-margin-bottom:-5px;\"><p><strong>Do I need a special vehicle for this trip?<\/strong><\/p>\n<\/div><ul style=\"--awb-line-height:27.2px;--awb-icon-width:27.2px;--awb-icon-height:27.2px;--awb-icon-margin:11.2px;--awb-content-margin:38.4px;--awb-circlecolor:var(--awb-color5);--awb-circle-yes-font-size:14.08px;\" class=\"fusion-checklist fusion-checklist-4 fusion-checklist-default type-icons\"><li class=\"fusion-li-item\" style=\"--awb-circlecolor:var(--awb-color5);--awb-iconcolor:var(--awb-color1);\"><span class=\"icon-wrapper circle-yes\"><i class=\"fusion-li-icon fa-question fas\" aria-hidden=\"true\"><\/i><\/span><div class=\"fusion-li-item-content\">No. A regular passenger car is suitable for this route. What matters more is having enough space for passengers and luggage.<\/div><\/li><\/ul><div class=\"fusion-text fusion-text-15 fusion-text-no-margin\" style=\"--awb-margin-top:5px;--awb-margin-bottom:-5px;\"><p><strong>Do I need a Slovenian vignette?<\/strong><\/p>\n<\/div><ul style=\"--awb-line-height:27.2px;--awb-icon-width:27.2px;--awb-icon-height:27.2px;--awb-icon-margin:11.2px;--awb-content-margin:38.4px;--awb-circlecolor:var(--awb-color5);--awb-circle-yes-font-size:14.08px;\" class=\"fusion-checklist fusion-checklist-5 fusion-checklist-default type-icons\"><li class=\"fusion-li-item\" style=\"--awb-circlecolor:var(--awb-color5);--awb-iconcolor:var(--awb-color1);\"><span class=\"icon-wrapper circle-yes\"><i class=\"fusion-li-icon fa-question fas\" aria-hidden=\"true\"><\/i><\/span><div class=\"fusion-li-item-content\">For most motorways and expressways, yes. A Slovenian vignette is included with Free2Rent vehicles.<\/div><\/li><\/ul><\/div><\/div><\/div><\/div><\/p>\n","protected":false},"excerpt":{"rendered":"","protected":false},"author":1,"featured_media":11040,"comment_status":"closed","ping_status":"closed","sticky":false,"template":"","format":"standard","meta":{"footnotes":""},"categories":[533],"tags":[363,974,864,975],"class_list":["post-11051","post","type-post","status-publish","format-standard","has-post-thumbnail","hentry","category-local-guides-and-day-trips","tag-potovanje-po-sloveniji-en","tag-road-trip-po-sloveniji","tag-road-trip-slovenija-en","tag-slovenija-z-avtomobilom"],"yoast_head":"<!-- This site is optimized with the Yoast SEO Premium plugin v26.5 (Yoast SEO v26.5) - https:\/\/yoast.com\/wordpress\/plugins\/seo\/ -->\n<title>Slovenia in September: a 5-day road trip from the Alps to the coast | Free2Rent | Rent a car<\/title>\n<meta name=\"description\" content=\"Discover Slovenia in September on a 5-day road trip from Kranjska Gora and the So\u010da Valley to Gori\u0161ka Brda and the Slovenian coast.\" \/>\n<meta name=\"robots\" content=\"index, follow, max-snippet:-1, max-image-preview:large, max-video-preview:-1\" \/>\n<link rel=\"canonical\" href=\"https:\/\/free2rent.si\/en\/slovenia-in-september-road-trip\/\" \/>\n<meta property=\"og:locale\" content=\"en_US\" \/>\n<meta property=\"og:type\" content=\"article\" \/>\n<meta property=\"og:title\" content=\"Slovenia in September: a 5-day road trip from the Alps to the coast\" \/>\n<meta property=\"og:description\" content=\"Discover Slovenia in September on a 5-day road trip from Kranjska Gora and the So\u010da Valley to Gori\u0161ka Brda and the Slovenian coast.\" \/>\n<meta property=\"og:url\" content=\"https:\/\/free2rent.si\/en\/slovenia-in-september-road-trip\/\" \/>\n<meta property=\"og:site_name\" content=\"Free2Rent | Rent a car\" \/>\n<meta property=\"article:publisher\" content=\"https:\/\/www.facebook.com\/Free2RentCelje\/\" \/>\n<meta property=\"article:published_time\" content=\"2026-08-27T09:29:07+00:00\" \/>\n<meta property=\"article:modified_time\" content=\"2026-08-27T09:33:17+00:00\" \/>\n<meta property=\"og:image\" content=\"https:\/\/free2rent.si\/wp-content\/uploads\/2026\/08\/alpska-cesta-road-trip-slovenija.jpg\" \/>\n\t<meta property=\"og:image:width\" content=\"850\" \/>\n\t<meta property=\"og:image:height\" content=\"500\" \/>\n\t<meta property=\"og:image:type\" content=\"image\/jpeg\" \/>\n<meta name=\"author\" content=\"admin\" \/>\n<meta name=\"twitter:card\" content=\"summary_large_image\" \/>\n<meta name=\"twitter:label1\" content=\"Written by\" \/>\n\t<meta name=\"twitter:data1\" content=\"admin\" \/>\n\t<meta name=\"twitter:label2\" content=\"Est. reading time\" \/>\n\t<meta name=\"twitter:data2\" content=\"7 minutes\" \/>\n<script type=\"application\/ld+json\" class=\"yoast-schema-graph\">{\"@context\":\"https:\/\/schema.org\",\"@graph\":[{\"@type\":\"Article\",\"@id\":\"https:\/\/free2rent.si\/en\/slovenia-in-september-road-trip\/#article\",\"isPartOf\":{\"@id\":\"https:\/\/free2rent.si\/en\/slovenia-in-september-road-trip\/\"},\"author\":{\"name\":\"admin\",\"@id\":\"https:\/\/free2rent.si\/en\/#\/schema\/person\/97dc32ad4961ff89c7677a5e0dbc70b7\"},\"headline\":\"Slovenia in September: a 5-day road trip from the Alps to the coast\",\"datePublished\":\"2026-08-27T09:29:07+00:00\",\"dateModified\":\"2026-08-27T09:33:17+00:00\",\"mainEntityOfPage\":{\"@id\":\"https:\/\/free2rent.si\/en\/slovenia-in-september-road-trip\/\"},\"wordCount\":10385,\"publisher\":{\"@id\":\"https:\/\/free2rent.si\/en\/#organization\"},\"image\":{\"@id\":\"https:\/\/free2rent.si\/en\/slovenia-in-september-road-trip\/#primaryimage\"},\"thumbnailUrl\":\"https:\/\/free2rent.si\/wp-content\/uploads\/2026\/08\/alpska-cesta-road-trip-slovenija.jpg\",\"keywords\":[\"Potovanje po Sloveniji\",\"road trip po Sloveniji\",\"road trip Slovenija\",\"Slovenija z avtomobilom\"],\"articleSection\":[\"Local Guides and Day Trips\"],\"inLanguage\":\"en-US\"},{\"@type\":\"WebPage\",\"@id\":\"https:\/\/free2rent.si\/en\/slovenia-in-september-road-trip\/\",\"url\":\"https:\/\/free2rent.si\/en\/slovenia-in-september-road-trip\/\",\"name\":\"Slovenia in September: a 5-day road trip from the Alps to the coast | Free2Rent | Rent a car\",\"isPartOf\":{\"@id\":\"https:\/\/free2rent.si\/en\/#website\"},\"primaryImageOfPage\":{\"@id\":\"https:\/\/free2rent.si\/en\/slovenia-in-september-road-trip\/#primaryimage\"},\"image\":{\"@id\":\"https:\/\/free2rent.si\/en\/slovenia-in-september-road-trip\/#primaryimage\"},\"thumbnailUrl\":\"https:\/\/free2rent.si\/wp-content\/uploads\/2026\/08\/alpska-cesta-road-trip-slovenija.jpg\",\"datePublished\":\"2026-08-27T09:29:07+00:00\",\"dateModified\":\"2026-08-27T09:33:17+00:00\",\"description\":\"Discover Slovenia in September on a 5-day road trip from Kranjska Gora and the So\u010da Valley to Gori\u0161ka Brda and the Slovenian coast.\",\"breadcrumb\":{\"@id\":\"https:\/\/free2rent.si\/en\/slovenia-in-september-road-trip\/#breadcrumb\"},\"inLanguage\":\"en-US\",\"potentialAction\":[{\"@type\":\"ReadAction\",\"target\":[\"https:\/\/free2rent.si\/en\/slovenia-in-september-road-trip\/\"]}]},{\"@type\":\"ImageObject\",\"inLanguage\":\"en-US\",\"@id\":\"https:\/\/free2rent.si\/en\/slovenia-in-september-road-trip\/#primaryimage\",\"url\":\"https:\/\/free2rent.si\/wp-content\/uploads\/2026\/08\/alpska-cesta-road-trip-slovenija.jpg\",\"contentUrl\":\"https:\/\/free2rent.si\/wp-content\/uploads\/2026\/08\/alpska-cesta-road-trip-slovenija.jpg\",\"width\":850,\"height\":500,\"caption\":\"Road trip po Sloveniji septembra od Alp do morja\"},{\"@type\":\"BreadcrumbList\",\"@id\":\"https:\/\/free2rent.si\/en\/slovenia-in-september-road-trip\/#breadcrumb\",\"itemListElement\":[{\"@type\":\"ListItem\",\"position\":1,\"name\":\"Home\",\"item\":\"https:\/\/free2rent.si\/en\/\"},{\"@type\":\"ListItem\",\"position\":2,\"name\":\"Slovenia in September: a 5-day road trip from the Alps to the coast\"}]},{\"@type\":\"WebSite\",\"@id\":\"https:\/\/free2rent.si\/en\/#website\",\"url\":\"https:\/\/free2rent.si\/en\/\",\"name\":\"Free2Rent | Rent a car\",\"description\":\"\",\"publisher\":{\"@id\":\"https:\/\/free2rent.si\/en\/#organization\"},\"potentialAction\":[{\"@type\":\"SearchAction\",\"target\":{\"@type\":\"EntryPoint\",\"urlTemplate\":\"https:\/\/free2rent.si\/en\/?s={search_term_string}\"},\"query-input\":{\"@type\":\"PropertyValueSpecification\",\"valueRequired\":true,\"valueName\":\"search_term_string\"}}],\"inLanguage\":\"en-US\"},{\"@type\":\"Organization\",\"@id\":\"https:\/\/free2rent.si\/en\/#organization\",\"name\":\"Free2Rent | Rent a car\",\"url\":\"https:\/\/free2rent.si\/en\/\",\"logo\":{\"@type\":\"ImageObject\",\"inLanguage\":\"en-US\",\"@id\":\"https:\/\/free2rent.si\/en\/#\/schema\/logo\/image\/\",\"url\":\"https:\/\/free2rent.si\/wp-content\/uploads\/2025\/05\/Logo-social.webp\",\"contentUrl\":\"https:\/\/free2rent.si\/wp-content\/uploads\/2025\/05\/Logo-social.webp\",\"width\":696,\"height\":696,\"caption\":\"Free2Rent | Rent a car\"},\"image\":{\"@id\":\"https:\/\/free2rent.si\/en\/#\/schema\/logo\/image\/\"},\"sameAs\":[\"https:\/\/www.facebook.com\/Free2RentCelje\/\",\"https:\/\/www.instagram.com\/free2rent\/\"]},{\"@type\":\"Person\",\"@id\":\"https:\/\/free2rent.si\/en\/#\/schema\/person\/97dc32ad4961ff89c7677a5e0dbc70b7\",\"name\":\"admin\",\"sameAs\":[\"https:\/\/free2rent.si\"]}]}<\/script>\n<!-- \/ Yoast SEO Premium plugin. -->","yoast_head_json":{"title":"Slovenia in September: a 5-day road trip from the Alps to the coast | Free2Rent | Rent a car","description":"Discover Slovenia in September on a 5-day road trip from Kranjska Gora and the So\u010da Valley to Gori\u0161ka Brda and the Slovenian coast.","robots":{"index":"index","follow":"follow","max-snippet":"max-snippet:-1","max-image-preview":"max-image-preview:large","max-video-preview":"max-video-preview:-1"},"canonical":"https:\/\/free2rent.si\/en\/slovenia-in-september-road-trip\/","og_locale":"en_US","og_type":"article","og_title":"Slovenia in September: a 5-day road trip from the Alps to the coast","og_description":"Discover Slovenia in September on a 5-day road trip from Kranjska Gora and the So\u010da Valley to Gori\u0161ka Brda and the Slovenian coast.","og_url":"https:\/\/free2rent.si\/en\/slovenia-in-september-road-trip\/","og_site_name":"Free2Rent | Rent a car","article_publisher":"https:\/\/www.facebook.com\/Free2RentCelje\/","article_published_time":"2026-08-27T09:29:07+00:00","article_modified_time":"2026-08-27T09:33:17+00:00","og_image":[{"width":850,"height":500,"url":"https:\/\/free2rent.si\/wp-content\/uploads\/2026\/08\/alpska-cesta-road-trip-slovenija.jpg","type":"image\/jpeg"}],"author":"admin","twitter_card":"summary_large_image","twitter_misc":{"Written by":"admin","Est. reading time":"7 minutes"},"schema":{"@context":"https:\/\/schema.org","@graph":[{"@type":"Article","@id":"https:\/\/free2rent.si\/en\/slovenia-in-september-road-trip\/#article","isPartOf":{"@id":"https:\/\/free2rent.si\/en\/slovenia-in-september-road-trip\/"},"author":{"name":"admin","@id":"https:\/\/free2rent.si\/en\/#\/schema\/person\/97dc32ad4961ff89c7677a5e0dbc70b7"},"headline":"Slovenia in September: a 5-day road trip from the Alps to the coast","datePublished":"2026-08-27T09:29:07+00:00","dateModified":"2026-08-27T09:33:17+00:00","mainEntityOfPage":{"@id":"https:\/\/free2rent.si\/en\/slovenia-in-september-road-trip\/"},"wordCount":10385,"publisher":{"@id":"https:\/\/free2rent.si\/en\/#organization"},"image":{"@id":"https:\/\/free2rent.si\/en\/slovenia-in-september-road-trip\/#primaryimage"},"thumbnailUrl":"https:\/\/free2rent.si\/wp-content\/uploads\/2026\/08\/alpska-cesta-road-trip-slovenija.jpg","keywords":["Potovanje po Sloveniji","road trip po Sloveniji","road trip Slovenija","Slovenija z avtomobilom"],"articleSection":["Local Guides and Day Trips"],"inLanguage":"en-US"},{"@type":"WebPage","@id":"https:\/\/free2rent.si\/en\/slovenia-in-september-road-trip\/","url":"https:\/\/free2rent.si\/en\/slovenia-in-september-road-trip\/","name":"Slovenia in September: a 5-day road trip from the Alps to the coast | Free2Rent | Rent a car","isPartOf":{"@id":"https:\/\/free2rent.si\/en\/#website"},"primaryImageOfPage":{"@id":"https:\/\/free2rent.si\/en\/slovenia-in-september-road-trip\/#primaryimage"},"image":{"@id":"https:\/\/free2rent.si\/en\/slovenia-in-september-road-trip\/#primaryimage"},"thumbnailUrl":"https:\/\/free2rent.si\/wp-content\/uploads\/2026\/08\/alpska-cesta-road-trip-slovenija.jpg","datePublished":"2026-08-27T09:29:07+00:00","dateModified":"2026-08-27T09:33:17+00:00","description":"Discover Slovenia in September on a 5-day road trip from Kranjska Gora and the So\u010da Valley to Gori\u0161ka Brda and the Slovenian coast.","breadcrumb":{"@id":"https:\/\/free2rent.si\/en\/slovenia-in-september-road-trip\/#breadcrumb"},"inLanguage":"en-US","potentialAction":[{"@type":"ReadAction","target":["https:\/\/free2rent.si\/en\/slovenia-in-september-road-trip\/"]}]},{"@type":"ImageObject","inLanguage":"en-US","@id":"https:\/\/free2rent.si\/en\/slovenia-in-september-road-trip\/#primaryimage","url":"https:\/\/free2rent.si\/wp-content\/uploads\/2026\/08\/alpska-cesta-road-trip-slovenija.jpg","contentUrl":"https:\/\/free2rent.si\/wp-content\/uploads\/2026\/08\/alpska-cesta-road-trip-slovenija.jpg","width":850,"height":500,"caption":"Road trip po Sloveniji septembra od Alp do morja"},{"@type":"BreadcrumbList","@id":"https:\/\/free2rent.si\/en\/slovenia-in-september-road-trip\/#breadcrumb","itemListElement":[{"@type":"ListItem","position":1,"name":"Home","item":"https:\/\/free2rent.si\/en\/"},{"@type":"ListItem","position":2,"name":"Slovenia in September: a 5-day road trip from the Alps to the coast"}]},{"@type":"WebSite","@id":"https:\/\/free2rent.si\/en\/#website","url":"https:\/\/free2rent.si\/en\/","name":"Free2Rent | Rent a car","description":"","publisher":{"@id":"https:\/\/free2rent.si\/en\/#organization"},"potentialAction":[{"@type":"SearchAction","target":{"@type":"EntryPoint","urlTemplate":"https:\/\/free2rent.si\/en\/?s={search_term_string}"},"query-input":{"@type":"PropertyValueSpecification","valueRequired":true,"valueName":"search_term_string"}}],"inLanguage":"en-US"},{"@type":"Organization","@id":"https:\/\/free2rent.si\/en\/#organization","name":"Free2Rent | Rent a car","url":"https:\/\/free2rent.si\/en\/","logo":{"@type":"ImageObject","inLanguage":"en-US","@id":"https:\/\/free2rent.si\/en\/#\/schema\/logo\/image\/","url":"https:\/\/free2rent.si\/wp-content\/uploads\/2025\/05\/Logo-social.webp","contentUrl":"https:\/\/free2rent.si\/wp-content\/uploads\/2025\/05\/Logo-social.webp","width":696,"height":696,"caption":"Free2Rent | Rent a car"},"image":{"@id":"https:\/\/free2rent.si\/en\/#\/schema\/logo\/image\/"},"sameAs":["https:\/\/www.facebook.com\/Free2RentCelje\/","https:\/\/www.instagram.com\/free2rent\/"]},{"@type":"Person","@id":"https:\/\/free2rent.si\/en\/#\/schema\/person\/97dc32ad4961ff89c7677a5e0dbc70b7","name":"admin","sameAs":["https:\/\/free2rent.si"]}]}},"_links":{"self":[{"href":"https:\/\/free2rent.si\/en\/wp-json\/wp\/v2\/posts\/11051","targetHints":{"allow":["GET"]}}],"collection":[{"href":"https:\/\/free2rent.si\/en\/wp-json\/wp\/v2\/posts"}],"about":[{"href":"https:\/\/free2rent.si\/en\/wp-json\/wp\/v2\/types\/post"}],"author":[{"embeddable":true,"href":"https:\/\/free2rent.si\/en\/wp-json\/wp\/v2\/users\/1"}],"replies":[{"embeddable":true,"href":"https:\/\/free2rent.si\/en\/wp-json\/wp\/v2\/comments?post=11051"}],"version-history":[{"count":3,"href":"https:\/\/free2rent.si\/en\/wp-json\/wp\/v2\/posts\/11051\/revisions"}],"predecessor-version":[{"id":11063,"href":"https:\/\/free2rent.si\/en\/wp-json\/wp\/v2\/posts\/11051\/revisions\/11063"}],"wp:featuredmedia":[{"embeddable":true,"href":"https:\/\/free2rent.si\/en\/wp-json\/wp\/v2\/media\/11040"}],"wp:attachment":[{"href":"https:\/\/free2rent.si\/en\/wp-json\/wp\/v2\/media?parent=11051"}],"wp:term":[{"taxonomy":"category","embeddable":true,"href":"https:\/\/free2rent.si\/en\/wp-json\/wp\/v2\/categories?post=11051"},{"taxonomy":"post_tag","embeddable":true,"href":"https:\/\/free2rent.si\/en\/wp-json\/wp\/v2\/tags?post=11051"}],"curies":[{"name":"wp","href":"https:\/\/api.w.org\/{rel}","templated":true}]}}